{"id":3031,"date":"2025-08-04T16:40:35","date_gmt":"2025-08-04T19:40:35","guid":{"rendered":"https:\/\/ri.allianca.com\/?post_type=noticias&#038;p=3031"},"modified":"2025-12-12T16:43:59","modified_gmt":"2025-12-12T19:43:59","slug":"notice-to-the-market-acquisition-of-cura-centro-de-ultrassonografia-e-radiologia-s-a","status":"publish","type":"noticias","link":"https:\/\/ri.allianca.com\/en\/noticias\/notice-to-the-market-acquisition-of-cura-centro-de-ultrassonografia-e-radiologia-s-a\/","title":{"rendered":"Notice to the Market &#8211; Acquisition of CURA &#8211; Centro de Ultrassonografia e Radiologia S.A"},"content":{"rendered":"<p style=\"text-align: justify\">ALLIAN\u00c7A SA\u00daDE E PARTICIPA\u00c7\u00d5ES S.A. (\u201cCompany\u201d or \u201cAllian\u00e7a\u201d) (B3: AALR3), in accordance with Law No. 6,404 of December 15, 1976, as amended, hereby notifies its shareholders and the general market that the acquisition of CURA \u2013 Centro de Ultrassonografia e Radiologia S.A. (\u201cCURA\u201d) was completed on August 1, 2025, through the signing of the Closing Agreement.<\/p>\n<p style=\"text-align: justify\">Between the signing of the agreement and the completion of the transaction, the parties agreed upon relevant adjustments to the acquisition structure. The base price was adjusted to R$ 1.00 (one real), and CURA maintained an outstanding financial debt with the Porto Alegre Medical Mutual Credit and Economy Cooperative (\u201cUnicred Operation\u201d) in the amount of R$ 20,000,000.00, maturing in July 2038, with an annual interest rate of CDI + 2.43%, payable monthly and secured by the assignment of CURA&#8217;s receivables amounting to R$ 1,200,000.00 per month. This new structure ensures that the acquisition is supported by the operational cash flow generated by the acquired asset, without altering the contingent price (\u201cEarn-Out\u201d), which is linked to CURA\u2019s Gross Operating Revenue performance.<\/p>\n<p style=\"text-align: justify\">The assumption of the Unicred Operation has an immaterial effect on Allian\u00e7a Sa\u00fade&#8217;s consolidated debt, particularly following Lormont Participa\u00e7\u00f5es S.A., the Company\u2019s controlling shareholder, acquiring significant financial credit operations of Allian\u00e7a Sa\u00fade and expressing its intention to utilize such credits in the Company\u2019s future capital increase, as disclosed in the Material Fact published on July 30, 2025.<\/p>\n<p style=\"text-align: justify\">The consummation of CURA\u2019s acquisition occurs at a strategic moment for the Company, characterized by cost optimization, a significant reduction in debt, and an increase in the annual Gross Operating Revenue, thereby enhancing the Company\u2019s operational cash generation.<\/p>\n<p style=\"text-align: center\">S\u00e3o Paulo, August 4, 2025.<\/p>\n<p style=\"text-align: center\">ALLIAN\u00c7A SA\u00daDE E PARTICIPA\u00c7\u00d5ES S.A.<\/p>\n","protected":false},"featured_media":0,"template":"","class_list":["post-3031","noticias","type-noticias","status-publish","hentry"],"yoast_head":"<!-- This site is optimized with the Yoast SEO plugin v23.5 - https:\/\/yoast.com\/wordpress\/plugins\/seo\/ -->\n<title>Notice to the Market - Acquisition of CURA - Centro de Ultrassonografia e Radiologia S.A - Allian\u00e7a RI<\/title>\n<meta name=\"robots\" content=\"index, follow, max-snippet:-1, max-image-preview:large, max-video-preview:-1\" \/>\n<link rel=\"canonical\" href=\"https:\/\/ri.allianca.com\/en\/noticias\/notice-to-the-market-acquisition-of-cura-centro-de-ultrassonografia-e-radiologia-s-a\/\" \/>\n<meta property=\"og:locale\" content=\"en_US\" \/>\n<meta property=\"og:type\" content=\"article\" \/>\n<meta property=\"og:title\" content=\"Notice to the Market - Acquisition of CURA - Centro de Ultrassonografia e Radiologia S.A - Allian\u00e7a RI\" \/>\n<meta property=\"og:description\" content=\"ALLIAN\u00c7A SA\u00daDE E PARTICIPA\u00c7\u00d5ES S.A. (\u201cCompany\u201d or \u201cAllian\u00e7a\u201d) (B3: AALR3), in accordance with Law No. 6,404 of December 15, 1976, as amended, hereby notifies its shareholders and the general market that the acquisition of CURA \u2013 Centro de Ultrassonografia e Radiologia S.A. (\u201cCURA\u201d) was completed on August 1, 2025, through the signing of the Closing [&hellip;]\" \/>\n<meta property=\"og:url\" content=\"https:\/\/ri.allianca.com\/en\/noticias\/notice-to-the-market-acquisition-of-cura-centro-de-ultrassonografia-e-radiologia-s-a\/\" \/>\n<meta property=\"og:site_name\" content=\"Allian\u00e7a RI\" \/>\n<meta property=\"article:modified_time\" content=\"2025-12-12T19:43:59+00:00\" \/>\n<meta name=\"twitter:card\" content=\"summary_large_image\" \/>\n<meta name=\"twitter:label1\" content=\"Est. reading time\" \/>\n\t<meta name=\"twitter:data1\" content=\"2 minutes\" \/>\n<script type=\"application\/ld+json\" class=\"yoast-schema-graph\">{\"@context\":\"https:\/\/schema.org\",\"@graph\":[{\"@type\":\"WebPage\",\"@id\":\"https:\/\/ri.allianca.com\/en\/noticias\/notice-to-the-market-acquisition-of-cura-centro-de-ultrassonografia-e-radiologia-s-a\/\",\"url\":\"https:\/\/ri.allianca.com\/en\/noticias\/notice-to-the-market-acquisition-of-cura-centro-de-ultrassonografia-e-radiologia-s-a\/\",\"name\":\"Notice to the Market - Acquisition of CURA - Centro de Ultrassonografia e Radiologia S.A - Allian\u00e7a RI\",\"isPartOf\":{\"@id\":\"https:\/\/ri.allianca.com\/#website\"},\"datePublished\":\"2025-08-04T19:40:35+00:00\",\"dateModified\":\"2025-12-12T19:43:59+00:00\",\"breadcrumb\":{\"@id\":\"https:\/\/ri.allianca.com\/en\/noticias\/notice-to-the-market-acquisition-of-cura-centro-de-ultrassonografia-e-radiologia-s-a\/#breadcrumb\"},\"inLanguage\":\"en-US\",\"potentialAction\":[{\"@type\":\"ReadAction\",\"target\":[\"https:\/\/ri.allianca.com\/en\/noticias\/notice-to-the-market-acquisition-of-cura-centro-de-ultrassonografia-e-radiologia-s-a\/\"]}]},{\"@type\":\"BreadcrumbList\",\"@id\":\"https:\/\/ri.allianca.com\/en\/noticias\/notice-to-the-market-acquisition-of-cura-centro-de-ultrassonografia-e-radiologia-s-a\/#breadcrumb\",\"itemListElement\":[{\"@type\":\"ListItem\",\"position\":1,\"name\":\"In\u00edcio\",\"item\":\"https:\/\/ri.allianca.com\/en\/\"},{\"@type\":\"ListItem\",\"position\":2,\"name\":\"Notice to the Market &#8211; Acquisition of CURA &#8211; Centro de Ultrassonografia e Radiologia S.A\"}]},{\"@type\":\"WebSite\",\"@id\":\"https:\/\/ri.allianca.com\/#website\",\"url\":\"https:\/\/ri.allianca.com\/\",\"name\":\"Allian\u00e7a RI\",\"description\":\"Rela\u00e7\u00f5es com Investidores\",\"potentialAction\":[{\"@type\":\"SearchAction\",\"target\":{\"@type\":\"EntryPoint\",\"urlTemplate\":\"https:\/\/ri.allianca.com\/?s={search_term_string}\"},\"query-input\":{\"@type\":\"PropertyValueSpecification\",\"valueRequired\":true,\"valueName\":\"search_term_string\"}}],\"inLanguage\":\"en-US\"}]}<\/script>\n<!-- \/ Yoast SEO plugin. -->","yoast_head_json":{"title":"Notice to the Market - Acquisition of CURA - Centro de Ultrassonografia e Radiologia S.A - Allian\u00e7a RI","robots":{"index":"index","follow":"follow","max-snippet":"max-snippet:-1","max-image-preview":"max-image-preview:large","max-video-preview":"max-video-preview:-1"},"canonical":"https:\/\/ri.allianca.com\/en\/noticias\/notice-to-the-market-acquisition-of-cura-centro-de-ultrassonografia-e-radiologia-s-a\/","og_locale":"en_US","og_type":"article","og_title":"Notice to the Market - Acquisition of CURA - Centro de Ultrassonografia e Radiologia S.A - Allian\u00e7a RI","og_description":"ALLIAN\u00c7A SA\u00daDE E PARTICIPA\u00c7\u00d5ES S.A. (\u201cCompany\u201d or \u201cAllian\u00e7a\u201d) (B3: AALR3), in accordance with Law No. 6,404 of December 15, 1976, as amended, hereby notifies its shareholders and the general market that the acquisition of CURA \u2013 Centro de Ultrassonografia e Radiologia S.A. (\u201cCURA\u201d) was completed on August 1, 2025, through the signing of the Closing [&hellip;]","og_url":"https:\/\/ri.allianca.com\/en\/noticias\/notice-to-the-market-acquisition-of-cura-centro-de-ultrassonografia-e-radiologia-s-a\/","og_site_name":"Allian\u00e7a RI","article_modified_time":"2025-12-12T19:43:59+00:00","twitter_card":"summary_large_image","twitter_misc":{"Est. reading time":"2 minutes"},"schema":{"@context":"https:\/\/schema.org","@graph":[{"@type":"WebPage","@id":"https:\/\/ri.allianca.com\/en\/noticias\/notice-to-the-market-acquisition-of-cura-centro-de-ultrassonografia-e-radiologia-s-a\/","url":"https:\/\/ri.allianca.com\/en\/noticias\/notice-to-the-market-acquisition-of-cura-centro-de-ultrassonografia-e-radiologia-s-a\/","name":"Notice to the Market - Acquisition of CURA - Centro de Ultrassonografia e Radiologia S.A - Allian\u00e7a RI","isPartOf":{"@id":"https:\/\/ri.allianca.com\/#website"},"datePublished":"2025-08-04T19:40:35+00:00","dateModified":"2025-12-12T19:43:59+00:00","breadcrumb":{"@id":"https:\/\/ri.allianca.com\/en\/noticias\/notice-to-the-market-acquisition-of-cura-centro-de-ultrassonografia-e-radiologia-s-a\/#breadcrumb"},"inLanguage":"en-US","potentialAction":[{"@type":"ReadAction","target":["https:\/\/ri.allianca.com\/en\/noticias\/notice-to-the-market-acquisition-of-cura-centro-de-ultrassonografia-e-radiologia-s-a\/"]}]},{"@type":"BreadcrumbList","@id":"https:\/\/ri.allianca.com\/en\/noticias\/notice-to-the-market-acquisition-of-cura-centro-de-ultrassonografia-e-radiologia-s-a\/#breadcrumb","itemListElement":[{"@type":"ListItem","position":1,"name":"In\u00edcio","item":"https:\/\/ri.allianca.com\/en\/"},{"@type":"ListItem","position":2,"name":"Notice to the Market &#8211; Acquisition of CURA &#8211; Centro de Ultrassonografia e Radiologia S.A"}]},{"@type":"WebSite","@id":"https:\/\/ri.allianca.com\/#website","url":"https:\/\/ri.allianca.com\/","name":"Allian\u00e7a RI","description":"Rela\u00e7\u00f5es com Investidores","potentialAction":[{"@type":"SearchAction","target":{"@type":"EntryPoint","urlTemplate":"https:\/\/ri.allianca.com\/?s={search_term_string}"},"query-input":{"@type":"PropertyValueSpecification","valueRequired":true,"valueName":"search_term_string"}}],"inLanguage":"en-US"}]}},"acf":[],"_links":{"self":[{"href":"https:\/\/ri.allianca.com\/en\/wp-json\/wp\/v2\/noticias\/3031","targetHints":{"allow":["GET"]}}],"collection":[{"href":"https:\/\/ri.allianca.com\/en\/wp-json\/wp\/v2\/noticias"}],"about":[{"href":"https:\/\/ri.allianca.com\/en\/wp-json\/wp\/v2\/types\/noticias"}],"wp:attachment":[{"href":"https:\/\/ri.allianca.com\/en\/wp-json\/wp\/v2\/media?parent=3031"}],"curies":[{"name":"wp","href":"https:\/\/api.w.org\/{rel}","templated":true}]}}